{"id":1157,"date":"2014-12-01T23:18:08","date_gmt":"2014-12-01T22:18:08","guid":{"rendered":"http:\/\/www.genealogiedesdieuxgrecs.com\/Genealogie_des_Dieux_grecs\/?p=1157"},"modified":"2014-12-01T23:18:08","modified_gmt":"2014-12-01T22:18:08","slug":"dedale-et-icare","status":"publish","type":"post","link":"https:\/\/genealogiedesdieuxgrecs.com\/Genealogie_des_Dieux_grecs\/2014\/12\/dedale-et-icare\/","title":{"rendered":"D\u00e9dale et Icare"},"content":{"rendered":"<figure id=\"attachment_1167\" aria-describedby=\"caption-attachment-1167\" style=\"width: 205px\" class=\"wp-caption alignright\"><img loading=\"lazy\" decoding=\"async\" class=\"wp-image-1167\" src=\"http:\/\/www.genealogiedesdieuxgrecs.com\/Genealogie_des_Dieux_grecs\/wp-content\/uploads\/Pieter_Bruegel_de_Oude_-_De_val_van_Icarus-1024x654.jpg\" alt=\"La chute d Icare\" width=\"205\" height=\"131\" \/><figcaption id=\"caption-attachment-1167\" class=\"wp-caption-text\"><a href=\"http:\/\/fr.wikipedia.org\/wiki\/La_Chute_d%27Icare\" target=\"_blank\" rel=\"noopener\">Source Wiki<\/a><\/figcaption><\/figure>\n<p>D\u00e9dale et Icare, cette histoire fait suite \u00e0 la construction du labyrinthe dans lequel est enferm\u00e9 le Minotaure, monstre brutal au corps humain et \u00e0 la t\u00eate de taureau qui d\u00e9vore tous les connards qui s&rsquo;y perdraient.<\/p>\n<p>Minos, le commanditaire du labyrinthe, apprend qu&rsquo;Ariane (la fille de Minos) \u00e0 imagin\u00e9 une astuce pour s&rsquo;\u00e9chapper de cet endroit bien effrayant et qu&rsquo;en plus elle l&rsquo;a dit \u00e0 son mec, Th\u00e9s\u00e9e. Mais \u00e7a c&rsquo;est une autre histoire&#8230; Donc Ariane, fille de Minos et demi s\u0153ur du Minotaure par sa m\u00e8re, ruine les plans de son p\u00e8re, qui pour le coup, super \u00e9nerv\u00e9, d\u00e9cide d&rsquo;enfermer D\u00e9dale et Icare dans le labyrinthe pour se d\u00e9barrasser d&rsquo;eux. Selon la l\u00e9gende, une fois enferm\u00e9 dans ce labyrinthe, m\u00eame le constructeur, sans les plans, ne peut en sortir. C&rsquo;est la solution que choisit Minos pour \u00eatre peinard et pas se faire emmerder&#8230;<\/p>\n<p>Et l\u00e0 Minos se fait baiser, quoi que D\u00e9dale ne s&rsquo;en sort pas si bien non plus au final. Car une fois enferm\u00e9s, le p\u00e8re, D\u00e9dale, explique \u00e0 son fils, que le labyrinthe enferme tous les chemins terrestres, mais que rien ne bloque les chemins a\u00e9riens&#8230; Sur ce, il d\u00e9cide de fabriquer des ailes en plume coll\u00e9es avec de la cire, dont il se pare ainsi que son fils.<\/p>\n<p>Il pr\u00e9vient ce dernier que la cire des ailes fond s&rsquo;il va trop pr\u00e8s du soleil, qu&rsquo;il doit bien se garder d&rsquo;en approcher&#8230; Comme les jeunes gens ont des r\u00e9actions particuli\u00e8rement cr\u00e9tines face aux recommandations des ain\u00e9s, gris\u00e9 par le vol, il s&rsquo;\u00e9l\u00e8ve, un peu trop haut, suffisamment pour faire fondre la structure de ses ailes&#8230; Cette chute lui est fatale, il est engloutit par les eaux et disparait, \u00e0 la grande douleur de D\u00e9dale.<\/p>\n<p>Or Minos, a un peu les boules quand il pense \u00e0 D\u00e9dale, il en a un peu jusque l\u00e0 et aimerait bien se le faire, un peu d\u00e9gout\u00e9 qu&rsquo;il se soit barr\u00e9 du labyrinthe. Pour cela, de mani\u00e8re aussi surprenante qu&rsquo;ing\u00e9nieuse, il lance un concours dont il sait que seul D\u00e9dale peut \u00eatre le gagnant. D&rsquo;ailleurs, encore aujourd&rsquo;hui, si on pose cette \u00e9nigme, la solution n&rsquo;est pas forc\u00e9ment trouv\u00e9e dans la seconde. Histoire \u00e9crite il y a plus de deux mille deux cents ans&#8230;<\/p>\n<p><img loading=\"lazy\" decoding=\"async\" class=\"alignleft wp-image-1195 size-full\" src=\"http:\/\/www.genealogiedesdieuxgrecs.com\/Genealogie_des_Dieux_grecs\/wp-content\/uploads\/dedale-Copie.jpg\" alt=\"D\u00e9dale Coquillage\" width=\"109\" height=\"112\" \/><\/p>\n<p>Le troph\u00e9e qui reviendra \u00e0 qui saura faire passage un fil dans un coquillage dont les circonvolutions sont complexes. Comme par exemple dans cette repr\u00e9sentation, mais en vachement plus compliqu\u00e9.<\/p>\n<p>D\u00e9dale attache alors un fil aussi fin que l\u00e9ger \u00e0 une fourmi. Il la fait rentrer par une extr\u00e9mit\u00e9, la bouche et l&rsquo;attend \u00e0 la sortie. En toute simplicit\u00e9! Minos le grille, mais finit par se faire buter. Ce qui arrive dans toutes les versions et D\u00e9dale s&rsquo;en sort \u00e0 chaque fois. Une des versions dit qu&rsquo;il meurt \u00e9bouillant\u00e9 et le crime est plus ou moins maquill\u00e9 en accident pour pas se mettre \u00e0 dos la Phrygie.<\/p>\n","protected":false},"excerpt":{"rendered":"<p>D\u00e9dale et Icare, cette histoire fait suite \u00e0 la construction du labyrinthe dans lequel est enferm\u00e9 le Minotaure, monstre brutal au corps humain et \u00e0 la t\u00eate de taureau qui d\u00e9vore tous les connards qui s&rsquo;y perdraient. Minos, le commanditaire du labyrinthe, apprend qu&rsquo;Ariane (la fille de Minos) \u00e0 imagin\u00e9 une astuce pour s&rsquo;\u00e9chapper de &hellip; <\/p>\n<p class=\"link-more\"><a href=\"https:\/\/genealogiedesdieuxgrecs.com\/Genealogie_des_Dieux_grecs\/2014\/12\/dedale-et-icare\/\" class=\"more-link\">Continuer la lecture<span class=\"screen-reader-text\"> de &laquo;&nbsp;D\u00e9dale et Icare&nbsp;&raquo;<\/span><\/a><\/p>\n","protected":false},"author":2,"featured_media":0,"comment_status":"closed","ping_status":"open","sticky":false,"template":"","format":"standard","meta":{"footnotes":""},"categories":[10],"tags":[32,33],"class_list":["post-1157","post","type-post","status-publish","format-standard","hentry","category-mythes-et-legendes","tag-mythe","tag-mythologie"],"yoast_head":"<!-- This site is optimized with the Yoast SEO plugin v24.9 - https:\/\/yoast.com\/wordpress\/plugins\/seo\/ -->\n<title>D\u00e9dale et Icare g\u00e9n\u00e9alogie des Dieux grecs - G\u00e9n\u00e9alogie des Dieux grecs<\/title>\n<meta name=\"description\" content=\"La l\u00e9gende de D\u00e9dale et Icare qui s&#039;enfuient du labyrinthe qu&#039;il a construit, en volant de leurs propres ailes, de la mani\u00e8re dont D\u00e9dale r\u00e9sout les \u00e9nigmes\" \/>\n<meta name=\"robots\" content=\"index, follow, max-snippet:-1, max-image-preview:large, max-video-preview:-1\" \/>\n<link rel=\"canonical\" href=\"https:\/\/genealogiedesdieuxgrecs.com\/Genealogie_des_Dieux_grecs\/2014\/12\/dedale-et-icare\/\" \/>\n<meta property=\"og:locale\" content=\"fr_FR\" \/>\n<meta property=\"og:type\" content=\"article\" \/>\n<meta property=\"og:title\" content=\"D\u00e9dale et Icare g\u00e9n\u00e9alogie des Dieux grecs - G\u00e9n\u00e9alogie des Dieux grecs\" \/>\n<meta property=\"og:description\" content=\"La l\u00e9gende de D\u00e9dale et Icare qui s&#039;enfuient du labyrinthe qu&#039;il a construit, en volant de leurs propres ailes, de la mani\u00e8re dont D\u00e9dale r\u00e9sout les \u00e9nigmes\" \/>\n<meta property=\"og:url\" content=\"https:\/\/genealogiedesdieuxgrecs.com\/Genealogie_des_Dieux_grecs\/2014\/12\/dedale-et-icare\/\" \/>\n<meta property=\"og:site_name\" content=\"Genealogie des divinit\u00e9s de la mythologie grecque\" \/>\n<meta property=\"article:published_time\" content=\"2014-12-01T22:18:08+00:00\" \/>\n<meta property=\"og:image\" content=\"http:\/\/www.genealogiedesdieuxgrecs.com\/Genealogie_des_Dieux_grecs\/wp-content\/uploads\/Pieter_Bruegel_de_Oude_-_De_val_van_Icarus-1024x654.jpg\" \/>\n<meta name=\"author\" content=\"Crom\" \/>\n<meta name=\"twitter:card\" content=\"summary_large_image\" \/>\n<meta name=\"twitter:label1\" content=\"\u00c9crit par\" \/>\n\t<meta name=\"twitter:data1\" content=\"Crom\" \/>\n\t<meta name=\"twitter:label2\" content=\"Dur\u00e9e de lecture estim\u00e9e\" \/>\n\t<meta name=\"twitter:data2\" content=\"3 minutes\" \/>\n<script type=\"application\/ld+json\" class=\"yoast-schema-graph\">{\"@context\":\"https:\/\/schema.org\",\"@graph\":[{\"@type\":\"WebPage\",\"@id\":\"https:\/\/genealogiedesdieuxgrecs.com\/Genealogie_des_Dieux_grecs\/2014\/12\/dedale-et-icare\/\",\"url\":\"https:\/\/genealogiedesdieuxgrecs.com\/Genealogie_des_Dieux_grecs\/2014\/12\/dedale-et-icare\/\",\"name\":\"D\u00e9dale et Icare g\u00e9n\u00e9alogie des Dieux grecs - G\u00e9n\u00e9alogie des Dieux grecs\",\"isPartOf\":{\"@id\":\"https:\/\/genealogiedesdieuxgrecs.com\/Genealogie_des_Dieux_grecs\/#website\"},\"primaryImageOfPage\":{\"@id\":\"https:\/\/genealogiedesdieuxgrecs.com\/Genealogie_des_Dieux_grecs\/2014\/12\/dedale-et-icare\/#primaryimage\"},\"image\":{\"@id\":\"https:\/\/genealogiedesdieuxgrecs.com\/Genealogie_des_Dieux_grecs\/2014\/12\/dedale-et-icare\/#primaryimage\"},\"thumbnailUrl\":\"http:\/\/www.genealogiedesdieuxgrecs.com\/Genealogie_des_Dieux_grecs\/wp-content\/uploads\/Pieter_Bruegel_de_Oude_-_De_val_van_Icarus-1024x654.jpg\",\"datePublished\":\"2014-12-01T22:18:08+00:00\",\"author\":{\"@id\":\"https:\/\/genealogiedesdieuxgrecs.com\/Genealogie_des_Dieux_grecs\/#\/schema\/person\/2ff3b9fdbd29c4a1556aba1cd5a50d70\"},\"description\":\"La l\u00e9gende de D\u00e9dale et Icare qui s'enfuient du labyrinthe qu'il a construit, en volant de leurs propres ailes, de la mani\u00e8re dont D\u00e9dale r\u00e9sout les \u00e9nigmes\",\"breadcrumb\":{\"@id\":\"https:\/\/genealogiedesdieuxgrecs.com\/Genealogie_des_Dieux_grecs\/2014\/12\/dedale-et-icare\/#breadcrumb\"},\"inLanguage\":\"fr-FR\",\"potentialAction\":[{\"@type\":\"ReadAction\",\"target\":[\"https:\/\/genealogiedesdieuxgrecs.com\/Genealogie_des_Dieux_grecs\/2014\/12\/dedale-et-icare\/\"]}]},{\"@type\":\"ImageObject\",\"inLanguage\":\"fr-FR\",\"@id\":\"https:\/\/genealogiedesdieuxgrecs.com\/Genealogie_des_Dieux_grecs\/2014\/12\/dedale-et-icare\/#primaryimage\",\"url\":\"http:\/\/www.genealogiedesdieuxgrecs.com\/Genealogie_des_Dieux_grecs\/wp-content\/uploads\/Pieter_Bruegel_de_Oude_-_De_val_van_Icarus-1024x654.jpg\",\"contentUrl\":\"http:\/\/www.genealogiedesdieuxgrecs.com\/Genealogie_des_Dieux_grecs\/wp-content\/uploads\/Pieter_Bruegel_de_Oude_-_De_val_van_Icarus-1024x654.jpg\"},{\"@type\":\"BreadcrumbList\",\"@id\":\"https:\/\/genealogiedesdieuxgrecs.com\/Genealogie_des_Dieux_grecs\/2014\/12\/dedale-et-icare\/#breadcrumb\",\"itemListElement\":[{\"@type\":\"ListItem\",\"position\":1,\"name\":\"Accueil\",\"item\":\"https:\/\/genealogiedesdieuxgrecs.com\/Genealogie_des_Dieux_grecs\/\"},{\"@type\":\"ListItem\",\"position\":2,\"name\":\"D\u00e9dale et Icare\"}]},{\"@type\":\"WebSite\",\"@id\":\"https:\/\/genealogiedesdieuxgrecs.com\/Genealogie_des_Dieux_grecs\/#website\",\"url\":\"https:\/\/genealogiedesdieuxgrecs.com\/Genealogie_des_Dieux_grecs\/\",\"name\":\"Genealogie des divinit\u00e9s de la mythologie grecque\",\"description\":\"Du Chaos aux hommes en passant par les D\u00e9esse, Dieux, Nymphes, Muses, Titans, H\u00e9catonchires, Les Moires, les Cyclopes, les G\u00e9ants...\",\"potentialAction\":[{\"@type\":\"SearchAction\",\"target\":{\"@type\":\"EntryPoint\",\"urlTemplate\":\"https:\/\/genealogiedesdieuxgrecs.com\/Genealogie_des_Dieux_grecs\/?s={search_term_string}\"},\"query-input\":{\"@type\":\"PropertyValueSpecification\",\"valueRequired\":true,\"valueName\":\"search_term_string\"}}],\"inLanguage\":\"fr-FR\"},{\"@type\":\"Person\",\"@id\":\"https:\/\/genealogiedesdieuxgrecs.com\/Genealogie_des_Dieux_grecs\/#\/schema\/person\/2ff3b9fdbd29c4a1556aba1cd5a50d70\",\"name\":\"Crom\",\"description\":\"N\u00e9 dans les profondeur de la Cim\u00e9rie, tr\u00e8s jeune il apprend \u00e0 combattre les animaux sauvages et autres monstres. Orphelins avant son adolescence, il est encha\u00een\u00e9 comme esclave \u00e0 un moulin pendant des ann\u00e9es, lui donnant une force unique. Puis il devient gladiateur et sa gloire commence \u00e0 rayonner. Pardon, \u00e7a c'est Conan, h\u00e9ros de l\u2019\u0153uvre de Robert E. Howard, moi c'est Henri!\",\"url\":\"https:\/\/genealogiedesdieuxgrecs.com\/Genealogie_des_Dieux_grecs\/author\/crom\/\"}]}<\/script>\n<!-- \/ Yoast SEO plugin. -->","yoast_head_json":{"title":"D\u00e9dale et Icare g\u00e9n\u00e9alogie des Dieux grecs - G\u00e9n\u00e9alogie des Dieux grecs","description":"La l\u00e9gende de D\u00e9dale et Icare qui s'enfuient du labyrinthe qu'il a construit, en volant de leurs propres ailes, de la mani\u00e8re dont D\u00e9dale r\u00e9sout les \u00e9nigmes","robots":{"index":"index","follow":"follow","max-snippet":"max-snippet:-1","max-image-preview":"max-image-preview:large","max-video-preview":"max-video-preview:-1"},"canonical":"https:\/\/genealogiedesdieuxgrecs.com\/Genealogie_des_Dieux_grecs\/2014\/12\/dedale-et-icare\/","og_locale":"fr_FR","og_type":"article","og_title":"D\u00e9dale et Icare g\u00e9n\u00e9alogie des Dieux grecs - G\u00e9n\u00e9alogie des Dieux grecs","og_description":"La l\u00e9gende de D\u00e9dale et Icare qui s'enfuient du labyrinthe qu'il a construit, en volant de leurs propres ailes, de la mani\u00e8re dont D\u00e9dale r\u00e9sout les \u00e9nigmes","og_url":"https:\/\/genealogiedesdieuxgrecs.com\/Genealogie_des_Dieux_grecs\/2014\/12\/dedale-et-icare\/","og_site_name":"Genealogie des divinit\u00e9s de la mythologie grecque","article_published_time":"2014-12-01T22:18:08+00:00","og_image":[{"url":"http:\/\/www.genealogiedesdieuxgrecs.com\/Genealogie_des_Dieux_grecs\/wp-content\/uploads\/Pieter_Bruegel_de_Oude_-_De_val_van_Icarus-1024x654.jpg","type":"","width":"","height":""}],"author":"Crom","twitter_card":"summary_large_image","twitter_misc":{"\u00c9crit par":"Crom","Dur\u00e9e de lecture estim\u00e9e":"3 minutes"},"schema":{"@context":"https:\/\/schema.org","@graph":[{"@type":"WebPage","@id":"https:\/\/genealogiedesdieuxgrecs.com\/Genealogie_des_Dieux_grecs\/2014\/12\/dedale-et-icare\/","url":"https:\/\/genealogiedesdieuxgrecs.com\/Genealogie_des_Dieux_grecs\/2014\/12\/dedale-et-icare\/","name":"D\u00e9dale et Icare g\u00e9n\u00e9alogie des Dieux grecs - G\u00e9n\u00e9alogie des Dieux grecs","isPartOf":{"@id":"https:\/\/genealogiedesdieuxgrecs.com\/Genealogie_des_Dieux_grecs\/#website"},"primaryImageOfPage":{"@id":"https:\/\/genealogiedesdieuxgrecs.com\/Genealogie_des_Dieux_grecs\/2014\/12\/dedale-et-icare\/#primaryimage"},"image":{"@id":"https:\/\/genealogiedesdieuxgrecs.com\/Genealogie_des_Dieux_grecs\/2014\/12\/dedale-et-icare\/#primaryimage"},"thumbnailUrl":"http:\/\/www.genealogiedesdieuxgrecs.com\/Genealogie_des_Dieux_grecs\/wp-content\/uploads\/Pieter_Bruegel_de_Oude_-_De_val_van_Icarus-1024x654.jpg","datePublished":"2014-12-01T22:18:08+00:00","author":{"@id":"https:\/\/genealogiedesdieuxgrecs.com\/Genealogie_des_Dieux_grecs\/#\/schema\/person\/2ff3b9fdbd29c4a1556aba1cd5a50d70"},"description":"La l\u00e9gende de D\u00e9dale et Icare qui s'enfuient du labyrinthe qu'il a construit, en volant de leurs propres ailes, de la mani\u00e8re dont D\u00e9dale r\u00e9sout les \u00e9nigmes","breadcrumb":{"@id":"https:\/\/genealogiedesdieuxgrecs.com\/Genealogie_des_Dieux_grecs\/2014\/12\/dedale-et-icare\/#breadcrumb"},"inLanguage":"fr-FR","potentialAction":[{"@type":"ReadAction","target":["https:\/\/genealogiedesdieuxgrecs.com\/Genealogie_des_Dieux_grecs\/2014\/12\/dedale-et-icare\/"]}]},{"@type":"ImageObject","inLanguage":"fr-FR","@id":"https:\/\/genealogiedesdieuxgrecs.com\/Genealogie_des_Dieux_grecs\/2014\/12\/dedale-et-icare\/#primaryimage","url":"http:\/\/www.genealogiedesdieuxgrecs.com\/Genealogie_des_Dieux_grecs\/wp-content\/uploads\/Pieter_Bruegel_de_Oude_-_De_val_van_Icarus-1024x654.jpg","contentUrl":"http:\/\/www.genealogiedesdieuxgrecs.com\/Genealogie_des_Dieux_grecs\/wp-content\/uploads\/Pieter_Bruegel_de_Oude_-_De_val_van_Icarus-1024x654.jpg"},{"@type":"BreadcrumbList","@id":"https:\/\/genealogiedesdieuxgrecs.com\/Genealogie_des_Dieux_grecs\/2014\/12\/dedale-et-icare\/#breadcrumb","itemListElement":[{"@type":"ListItem","position":1,"name":"Accueil","item":"https:\/\/genealogiedesdieuxgrecs.com\/Genealogie_des_Dieux_grecs\/"},{"@type":"ListItem","position":2,"name":"D\u00e9dale et Icare"}]},{"@type":"WebSite","@id":"https:\/\/genealogiedesdieuxgrecs.com\/Genealogie_des_Dieux_grecs\/#website","url":"https:\/\/genealogiedesdieuxgrecs.com\/Genealogie_des_Dieux_grecs\/","name":"Genealogie des divinit\u00e9s de la mythologie grecque","description":"Du Chaos aux hommes en passant par les D\u00e9esse, Dieux, Nymphes, Muses, Titans, H\u00e9catonchires, Les Moires, les Cyclopes, les G\u00e9ants...","potentialAction":[{"@type":"SearchAction","target":{"@type":"EntryPoint","urlTemplate":"https:\/\/genealogiedesdieuxgrecs.com\/Genealogie_des_Dieux_grecs\/?s={search_term_string}"},"query-input":{"@type":"PropertyValueSpecification","valueRequired":true,"valueName":"search_term_string"}}],"inLanguage":"fr-FR"},{"@type":"Person","@id":"https:\/\/genealogiedesdieuxgrecs.com\/Genealogie_des_Dieux_grecs\/#\/schema\/person\/2ff3b9fdbd29c4a1556aba1cd5a50d70","name":"Crom","description":"N\u00e9 dans les profondeur de la Cim\u00e9rie, tr\u00e8s jeune il apprend \u00e0 combattre les animaux sauvages et autres monstres. Orphelins avant son adolescence, il est encha\u00een\u00e9 comme esclave \u00e0 un moulin pendant des ann\u00e9es, lui donnant une force unique. Puis il devient gladiateur et sa gloire commence \u00e0 rayonner. Pardon, \u00e7a c'est Conan, h\u00e9ros de l\u2019\u0153uvre de Robert E. Howard, moi c'est Henri!","url":"https:\/\/genealogiedesdieuxgrecs.com\/Genealogie_des_Dieux_grecs\/author\/crom\/"}]}},"_links":{"self":[{"href":"https:\/\/genealogiedesdieuxgrecs.com\/Genealogie_des_Dieux_grecs\/wp-json\/wp\/v2\/posts\/1157","targetHints":{"allow":["GET"]}}],"collection":[{"href":"https:\/\/genealogiedesdieuxgrecs.com\/Genealogie_des_Dieux_grecs\/wp-json\/wp\/v2\/posts"}],"about":[{"href":"https:\/\/genealogiedesdieuxgrecs.com\/Genealogie_des_Dieux_grecs\/wp-json\/wp\/v2\/types\/post"}],"author":[{"embeddable":true,"href":"https:\/\/genealogiedesdieuxgrecs.com\/Genealogie_des_Dieux_grecs\/wp-json\/wp\/v2\/users\/2"}],"replies":[{"embeddable":true,"href":"https:\/\/genealogiedesdieuxgrecs.com\/Genealogie_des_Dieux_grecs\/wp-json\/wp\/v2\/comments?post=1157"}],"version-history":[{"count":0,"href":"https:\/\/genealogiedesdieuxgrecs.com\/Genealogie_des_Dieux_grecs\/wp-json\/wp\/v2\/posts\/1157\/revisions"}],"wp:attachment":[{"href":"https:\/\/genealogiedesdieuxgrecs.com\/Genealogie_des_Dieux_grecs\/wp-json\/wp\/v2\/media?parent=1157"}],"wp:term":[{"taxonomy":"category","embeddable":true,"href":"https:\/\/genealogiedesdieuxgrecs.com\/Genealogie_des_Dieux_grecs\/wp-json\/wp\/v2\/categories?post=1157"},{"taxonomy":"post_tag","embeddable":true,"href":"https:\/\/genealogiedesdieuxgrecs.com\/Genealogie_des_Dieux_grecs\/wp-json\/wp\/v2\/tags?post=1157"}],"curies":[{"name":"wp","href":"https:\/\/api.w.org\/{rel}","templated":true}]}}